{"id":31492,"date":"2026-08-31T09:32:14","date_gmt":"2026-08-31T06:32:14","guid":{"rendered":"https:\/\/varsinais-suomi.fi\/merkittava-luottamuksenosoitus-varsinais-suomen-liitolle-uuden-central-baltic-ohjelman-valmistelu-alkaa\/"},"modified":"2026-08-31T10:14:13","modified_gmt":"2026-08-31T07:14:13","slug":"merkittava-luottamuksenosoitus-varsinais-suomen-liitolle-uuden-central-baltic-ohjelman-valmistelu-alkaa","status":"publish","type":"post","link":"https:\/\/varsinais-suomi.fi\/sv\/merkittava-luottamuksenosoitus-varsinais-suomen-liitolle-uuden-central-baltic-ohjelman-valmistelu-alkaa\/","title":{"rendered":"Egentliga Finlands f\u00f6rbund f\u00e5r f\u00f6rtroendet att f\u00f6rbereda n\u00e4sta Central Baltic-program"},"content":{"rendered":"<p>De medlemsstater som deltar i Europeiska unionens Central Baltic-program har gett Egentliga Finlands f\u00f6rbund i uppdrag att inleda f\u00f6rberedelserna f\u00f6r programmets n\u00e4sta programperiod. Beslutet \u00e4r ett betydande uttryck f\u00f6r f\u00f6rtroende f\u00f6r f\u00f6rbundets l\u00e5ngsiktiga arbete och kompetens som genomf\u00f6rare av internationellt programsamarbete.<\/p>\n<p>Central Baltic \u00e4r Europeiska unionens program f\u00f6r gr\u00e4ns\u00f6verskridande samarbete. Programmet finansierar internationella utvecklingsprojekt som genomf\u00f6rs i Finland, p\u00e5 \u00c5land, i Sverige, Estland och Lettland.<\/p>\n<p>Egentliga Finlands f\u00f6rbund inleder nu arbetet med att utforma programmets inneh\u00e5ll f\u00f6r perioden 2028\u20132034. Under det kommande \u00e5ret kommer programmet att f\u00f6rberedas i n\u00e4ra samarbete med landskapen inom programomr\u00e5det, medlemsstaterna, myndigheter och andra samarbetspartner.<\/p>\n<p>Egentliga Finlands f\u00f6rbund fungerar som f\u00f6rvaltande myndighet f\u00f6r det nuvarande Central Baltic-programmet och \u00e4r ocks\u00e5 v\u00e4rdorganisation f\u00f6r programmets gemensamma sekretariat. F\u00f6rbundets roll som f\u00f6rvaltare och utvecklare av programmet har byggts upp under m\u00e5nga \u00e5r i n\u00e4ra samarbete med de l\u00e4nder och regioner som deltar i programmet.<\/p>\n<p>Under f\u00f6rberedelsearbetet kommer \u00e4ven intressenter och projektakt\u00f6rer att h\u00f6ras i stor omfattning f\u00f6r att s\u00e4kerst\u00e4lla att programmet svarar s\u00e5 v\u00e4l som m\u00f6jligt mot regionernas utvecklingsbehov under de kommande \u00e5ren.<\/p>\n<p>M\u00e5len och prioriteringarna f\u00f6r det nya programmet kommer att preciseras efter hand som f\u00f6rberedelserna fortskrider. M\u00e5let \u00e4r att skapa ett program som ytterligare st\u00e4rker samarbetet mellan l\u00e4nderna samt st\u00f6der regionernas konkurrenskraft, h\u00e5llbara utveckling och f\u00f6rm\u00e5ga att hantera gemensamma utmaningar.<\/p>\n<p>Mer information:<\/p>\n<p><a href=\"https:\/\/varsinais-suomi.fi\/sv\/yhteystiedot\/merike-niitepold\/\">Merike Niitep\u00f5ld<\/a><\/p>\n<p><a href=\"https:\/\/centralbaltic.eu\/\" target=\"_blank\" rel=\"noopener\">Central Baltic -program<\/a><\/p>\n","protected":false},"excerpt":{"rendered":"<p>De medlemsstater som deltar i Europeiska unionens Central Baltic-program har gett Egentliga Finlands f\u00f6rbund i uppdrag att inleda f\u00f6rberedelserna f\u00f6r programmets n\u00e4sta programperiod. Beslutet \u00e4r ett betydande uttryck f\u00f6r f\u00f6rtroende&#8230;<\/p>\n","protected":false},"author":2,"featured_media":31490,"comment_status":"closed","ping_status":"open","sticky":false,"template":"","format":"standard","meta":{"_acf_changed":false,"footnotes":""},"categories":[2633],"tags":[],"writer":[],"event_theme":[],"class_list":["post-31492","post","type-post","status-publish","format-standard","has-post-thumbnail","category-aktuellt"],"acf":[],"_links":{"self":[{"href":"https:\/\/varsinais-suomi.fi\/sv\/wp-json\/wp\/v2\/posts\/31492","targetHints":{"allow":["GET"]}}],"collection":[{"href":"https:\/\/varsinais-suomi.fi\/sv\/wp-json\/wp\/v2\/posts"}],"about":[{"href":"https:\/\/varsinais-suomi.fi\/sv\/wp-json\/wp\/v2\/types\/post"}],"author":[{"embeddable":true,"href":"https:\/\/varsinais-suomi.fi\/sv\/wp-json\/wp\/v2\/users\/2"}],"replies":[{"embeddable":true,"href":"https:\/\/varsinais-suomi.fi\/sv\/wp-json\/wp\/v2\/comments?post=31492"}],"version-history":[{"count":3,"href":"https:\/\/varsinais-suomi.fi\/sv\/wp-json\/wp\/v2\/posts\/31492\/revisions"}],"predecessor-version":[{"id":31498,"href":"https:\/\/varsinais-suomi.fi\/sv\/wp-json\/wp\/v2\/posts\/31492\/revisions\/31498"}],"wp:featuredmedia":[{"embeddable":true,"href":"https:\/\/varsinais-suomi.fi\/sv\/wp-json\/wp\/v2\/media\/31490"}],"wp:attachment":[{"href":"https:\/\/varsinais-suomi.fi\/sv\/wp-json\/wp\/v2\/media?parent=31492"}],"wp:term":[{"taxonomy":"category","embeddable":true,"href":"https:\/\/varsinais-suomi.fi\/sv\/wp-json\/wp\/v2\/categories?post=31492"},{"taxonomy":"post_tag","embeddable":true,"href":"https:\/\/varsinais-suomi.fi\/sv\/wp-json\/wp\/v2\/tags?post=31492"},{"taxonomy":"writer","embeddable":true,"href":"https:\/\/varsinais-suomi.fi\/sv\/wp-json\/wp\/v2\/writer?post=31492"},{"taxonomy":"event_theme","embeddable":true,"href":"https:\/\/varsinais-suomi.fi\/sv\/wp-json\/wp\/v2\/event_theme?post=31492"}],"curies":[{"name":"wp","href":"https:\/\/api.w.org\/{rel}","templated":true}]}}