{"id":29468,"date":"2026-04-28T16:13:21","date_gmt":"2026-04-28T13:13:21","guid":{"rendered":"https:\/\/varsinais-suomi.fi\/varsinais-suomen-strategiatyossa-siirrytaan-toteutukseen\/"},"modified":"2026-04-28T16:51:47","modified_gmt":"2026-04-28T13:51:47","slug":"varsinais-suomen-strategiatyossa-siirrytaan-toteutukseen","status":"publish","type":"post","link":"https:\/\/varsinais-suomi.fi\/sv\/varsinais-suomen-strategiatyossa-siirrytaan-toteutukseen\/","title":{"rendered":"Egentliga Finlands strategiarbete g\u00e5r in i genomf\u00f6randefasen"},"content":{"rendered":"[vc_row type=&#8221;in_container&#8221; full_screen_row_position=&#8221;middle&#8221; column_margin=&#8221;default&#8221; column_direction=&#8221;default&#8221; column_direction_tablet=&#8221;default&#8221; column_direction_phone=&#8221;default&#8221; scene_position=&#8221;center&#8221; text_color=&#8221;dark&#8221; text_align=&#8221;left&#8221; row_border_radius=&#8221;none&#8221; row_border_radius_applies=&#8221;bg&#8221; row_position_desktop=&#8221;default&#8221; row_position_tablet=&#8221;inherit&#8221; row_position_phone=&#8221;inherit&#8221; overflow=&#8221;visible&#8221; overlay_strength=&#8221;0.3&#8243; gradient_direction=&#8221;left_to_right&#8221; shape_divider_position=&#8221;bottom&#8221; bg_image_animation=&#8221;none&#8221;][vc_column column_padding=&#8221;no-extra-padding&#8221; column_padding_tablet=&#8221;inherit&#8221; column_padding_phone=&#8221;inherit&#8221; column_padding_position=&#8221;all&#8221; flex_gap_desktop=&#8221;10px&#8221; column_element_direction_desktop=&#8221;default&#8221; column_element_spacing=&#8221;default&#8221; desktop_text_alignment=&#8221;default&#8221; tablet_text_alignment=&#8221;default&#8221; phone_text_alignment=&#8221;default&#8221; background_color_opacity=&#8221;1&#8243; background_hover_color_opacity=&#8221;1&#8243; column_backdrop_filter=&#8221;none&#8221; column_shadow=&#8221;none&#8221; column_border_radius=&#8221;none&#8221; column_link_target=&#8221;_self&#8221; column_position=&#8221;default&#8221; gradient_direction=&#8221;left_to_right&#8221; overlay_strength=&#8221;0.3&#8243; width=&#8221;1\/1&#8243; tablet_width_inherit=&#8221;default&#8221; animation_type=&#8221;default&#8221; bg_image_animation=&#8221;none&#8221; border_type=&#8221;simple&#8221; column_border_width=&#8221;none&#8221; column_border_style=&#8221;solid&#8221;][vc_column_text css=&#8221;&#8221; text_direction=&#8221;default&#8221;]Genomf\u00f6randeplanen f\u00f6r Egentliga Finlands strategi 2040+ f\u00f6r \u00e5ren 2026\u20132029 inleder ett nytt skede i det gemensamma utvecklingsarbetet i landskapet. Nu \u00e4r det dags att oms\u00e4tta visionen och m\u00e5len i konkreta \u00e5tg\u00e4rder \u2013 modigt, ambiti\u00f6st och tillsammans \u00f6ver organisations- och sektorsgr\u00e4nser.<br \/>\nGenomf\u00f6randeplanen \u00e4r ett levande samarbetsdokument. Den beskriver hur Egentliga Finlands l\u00e5ngsiktiga strategi genomf\u00f6rs i praktiken via landskapsprogrammet och innovationsprogrammet, och samlar ett brett spektrum av akt\u00f6rer, n\u00e4tverk och partnerskap kring gemensamma m\u00e5l. K\u00e4rnan i arbetet \u00e4r tanken om Egentliga Finland som en byggare av f\u00f6rbindelser och som ett landskap som knyter hela Finland allt starkare till v\u00e4st.<\/p>\n<h2>\u00d6ver 60 organisationer deltar \u2013 engagemanget syns och m\u00e4rks<\/h2>\n<p>Det gemensamma arbetet \u00e4r redan i full g\u00e5ng: \u00f6ver 60 organisationer i Egentliga Finland har gett sin egen deklaration och genom den f\u00f6rbundit sig att fr\u00e4mja strategins m\u00e5l. Deklarationerna synligg\u00f6r hur olika akt\u00f6rer \u2013 bland annat kommuner, l\u00e4roanstalter, f\u00f6retag, organisationer och utvecklingsorganisationer \u2013 ser sin roll i att bygga framtiden f\u00f6r Egentliga Finland. Engagemanget \u00e4r inte bara ord, utan en viljeyttring som behandlats och godk\u00e4nts i ledningsgrupper f\u00f6r att arbeta f\u00f6r gemensamma m\u00e5l. Nya omg\u00e5ngar f\u00f6r att l\u00e4mna deklarationer kommuniceras senare.<\/p>\n<h2>Strategins 22 m\u00e5l styr genomf\u00f6randet<\/h2>\n<p>Under programperioden 2026\u20132029 genomf\u00f6rs strategin genom 22 m\u00e5l som st\u00e4rker landskapets livskraft, attraktionskraft och f\u00f6rm\u00e5ga att beh\u00e5lla inv\u00e5nare och kompetens. M\u00e5len f\u00f6rverkligas s\u00e4rskilt inom cirka 20 n\u00e4tverk och arbetsgrupper i Egentliga Finlands utvecklarforum. Hundratals experter arbetar f\u00f6r att strategins fokusomr\u00e5den ska ta form i projekt, f\u00f6rs\u00f6k, samarbeten och intressebevakning. Genomf\u00f6randeplanen samlar de f\u00f6rsta planerna fr\u00e5n dessa n\u00e4tverk.<\/p>\n<h2>Utvecklarforum \u2013 l\u00e4rande och p\u00e5verkan tillsammans<\/h2>\n<p>Egentliga Finlands utvecklarforum \u00e4r hj\u00e4rtat i genomf\u00f6randet av strategin. Partnerskap inneb\u00e4r i vardagen ett kontinuerligt gemensamt arbete, l\u00e4rande och f\u00f6rtroende. Under de kommande \u00e5ren \u00e4r m\u00e5let att \u00f6ka m\u00f6tena mellan n\u00e4tverk och sektorer, tydligg\u00f6ra den gemensamma l\u00e4gesbilden och ta fram l\u00f6sningar p\u00e5 komplexa samh\u00e4llsfenomen. Verktygen kan till exempel vara projekt, nya verksamhetsmodeller och effektiv intressebevakning.<br \/>\nGenomf\u00f6randeplanen uppdateras regelbundet och fungerar ocks\u00e5 som ett verktyg f\u00f6r uppf\u00f6ljning och utv\u00e4rdering av det strategiska arbetet. Den gemensamma riktningen \u00e4r dock tydlig: framtiden f\u00f6r Egentliga Finland byggs tillsammans.<\/p>\n<p>Tack till alla som medverkar \u2013 nu \u00e4r det dags att g\u00f6ra strategin till verklighet.<\/p>\n<p><a href=\"https:\/\/varsinais-suomi.fi\/wp-content\/uploads\/2026\/04\/Toteuttamissuunnitelma-Strategia-2040-29.4.2026.pdf\">Genomf\u00f6randeplan 2026\u20132029 (p\u00e5 finska)<\/a><br \/>\n<a href=\"https:\/\/varsinais-suomi.fi\/sv\/regionutveckling-och-finansiering\/deklarationer\/\">Deklarationer f\u00f6r Egentliga Finlands strategi<\/a><br \/>\n<a href=\"https:\/\/varsinais-suomi.fi\/sv\/egentliga-finlands-strategi\/\">Egentliga Finlands strategi 2040+<\/a><\/p>\n<h3>Mer information:<\/h3>\n<p><a href=\"https:\/\/varsinais-suomi.fi\/sv\/yhteystiedot\/salla-maria-lauttamaki\/\">Salla-Maria Lauttam\u00e4ki<\/a><\/p>\n<p><a href=\"https:\/\/varsinais-suomi.fi\/sv\/yhteystiedot\/esa-hogblom\/\">Esa H\u00f6gblom<\/a><\/p>\n<p><a href=\"https:\/\/varsinais-suomi.fi\/sv\/yhteystiedot\/sonja-palhus\/\">Sonja Palhus<\/a><\/p>\n<p><a href=\"https:\/\/varsinais-suomi.fi\/sv\/yhteystiedot\/petteri-partanen\/\">Petteri Partanen<\/a><\/p>\n<p><a href=\"https:\/\/varsinais-suomi.fi\/sv\/yhteystiedot\/jaana-salonen\/\">Jaana Salonen<\/a><\/p>\n<p><a href=\"https:\/\/varsinais-suomi.fi\/sv\/yhteystiedot\/antti-vasanen\/\">Antti Vasanen<\/a><\/p>\n<p><a href=\"https:\/\/varsinais-suomi.fi\/sv\/yhteystiedot\/kaisa-aijo\/\">Kaisa \u00c4ij\u00f6<\/a>[\/vc_column_text][\/vc_column][\/vc_row]\n","protected":false},"excerpt":{"rendered":"<p>[vc_row type=&#8221;in_container&#8221; full_screen_row_position=&#8221;middle&#8221; column_margin=&#8221;default&#8221; column_direction=&#8221;default&#8221; column_direction_tablet=&#8221;default&#8221; column_direction_phone=&#8221;default&#8221; scene_position=&#8221;center&#8221; text_color=&#8221;dark&#8221; text_align=&#8221;left&#8221; row_border_radius=&#8221;none&#8221; row_border_radius_applies=&#8221;bg&#8221; row_position_desktop=&#8221;default&#8221; row_position_tablet=&#8221;inherit&#8221; row_position_phone=&#8221;inherit&#8221; overflow=&#8221;visible&#8221; overlay_strength=&#8221;0.3&#8243; gradient_direction=&#8221;left_to_right&#8221; shape_divider_position=&#8221;bottom&#8221; bg_image_animation=&#8221;none&#8221;][vc_column column_padding=&#8221;no-extra-padding&#8221; column_padding_tablet=&#8221;inherit&#8221; column_padding_phone=&#8221;inherit&#8221; column_padding_position=&#8221;all&#8221; flex_gap_desktop=&#8221;10px&#8221; column_element_direction_desktop=&#8221;default&#8221; column_element_spacing=&#8221;default&#8221; desktop_text_alignment=&#8221;default&#8221; tablet_text_alignment=&#8221;default&#8221; phone_text_alignment=&#8221;default&#8221;&#8230;<\/p>\n","protected":false},"author":2,"featured_media":22142,"comment_status":"closed","ping_status":"open","sticky":false,"template":"","format":"standard","meta":{"_acf_changed":false,"footnotes":""},"categories":[2686],"tags":[],"writer":[],"event_theme":[],"class_list":{"0":"post-29468","1":"post","2":"type-post","3":"status-publish","4":"format-standard","5":"has-post-thumbnail","7":"category-nyhet"},"acf":[],"_links":{"self":[{"href":"https:\/\/varsinais-suomi.fi\/sv\/wp-json\/wp\/v2\/posts\/29468","targetHints":{"allow":["GET"]}}],"collection":[{"href":"https:\/\/varsinais-suomi.fi\/sv\/wp-json\/wp\/v2\/posts"}],"about":[{"href":"https:\/\/varsinais-suomi.fi\/sv\/wp-json\/wp\/v2\/types\/post"}],"author":[{"embeddable":true,"href":"https:\/\/varsinais-suomi.fi\/sv\/wp-json\/wp\/v2\/users\/2"}],"replies":[{"embeddable":true,"href":"https:\/\/varsinais-suomi.fi\/sv\/wp-json\/wp\/v2\/comments?post=29468"}],"version-history":[{"count":2,"href":"https:\/\/varsinais-suomi.fi\/sv\/wp-json\/wp\/v2\/posts\/29468\/revisions"}],"predecessor-version":[{"id":29471,"href":"https:\/\/varsinais-suomi.fi\/sv\/wp-json\/wp\/v2\/posts\/29468\/revisions\/29471"}],"wp:featuredmedia":[{"embeddable":true,"href":"https:\/\/varsinais-suomi.fi\/sv\/wp-json\/wp\/v2\/media\/22142"}],"wp:attachment":[{"href":"https:\/\/varsinais-suomi.fi\/sv\/wp-json\/wp\/v2\/media?parent=29468"}],"wp:term":[{"taxonomy":"category","embeddable":true,"href":"https:\/\/varsinais-suomi.fi\/sv\/wp-json\/wp\/v2\/categories?post=29468"},{"taxonomy":"post_tag","embeddable":true,"href":"https:\/\/varsinais-suomi.fi\/sv\/wp-json\/wp\/v2\/tags?post=29468"},{"taxonomy":"writer","embeddable":true,"href":"https:\/\/varsinais-suomi.fi\/sv\/wp-json\/wp\/v2\/writer?post=29468"},{"taxonomy":"event_theme","embeddable":true,"href":"https:\/\/varsinais-suomi.fi\/sv\/wp-json\/wp\/v2\/event_theme?post=29468"}],"curies":[{"name":"wp","href":"https:\/\/api.w.org\/{rel}","templated":true}]}}