{"id":28454,"date":"2026-01-26T11:26:48","date_gmt":"2026-01-26T09:26:48","guid":{"rendered":"https:\/\/varsinais-suomi.kajahdusdev.fi\/plock-ur-landskapsstyrelsens-mote-i-januari\/"},"modified":"2026-03-24T23:30:07","modified_gmt":"2026-03-24T21:30:07","slug":"plock-ur-landskapsstyrelsens-mote-i-januari","status":"publish","type":"post","link":"https:\/\/varsinais-suomi.fi\/sv\/plock-ur-landskapsstyrelsens-mote-i-januari\/","title":{"rendered":"H\u00f6jdpunkter fr\u00e5n regionstyrelsens januarim\u00f6te"},"content":{"rendered":"[vc_row][vc_column][vc_column_text]\n<h2 class=\"wp-block-heading\">Helsingfors\u2013\u00c5bo\u2013Stockholm-korridoren lyftes fram i Trafik 12-planen<\/h2>\n<p>I den aktuella \u00f6verblicken lyftes statsr\u00e5dets redog\u00f6relse till riksdagen den 18.12.2025 om den riksomfattande trafiksystemplanen (Trafik 12) f\u00f6r \u00e5ren 2026\u20132037 fram. Med denna redog\u00f6relse uppdaterades den f\u00f6rsta Trafik 12-planen som varit i kraft f\u00f6r \u00e5ren 2021\u20132032. <\/p>\n<p>I den uppdaterade planen betonas trafiks\u00e4kerhet samt dubbelanv\u00e4ndning av trafikinfrastruktur. Enligt finansieringsprogrammet h\u00f6js niv\u00e5n p\u00e5 basv\u00e4gh\u00e5llningen, men finansieringsramen f\u00f6r utveckling av v\u00e4gn\u00e4tet minskar i takt med att planeringsperioden fortskrider. Av finansieringen riktas 72 procent till basv\u00e4gh\u00e5llning, 16 procent till utveckling och 12 procent till milit\u00e4r r\u00f6rlighet. I utvecklingen betonas s\u00e4rskilt f\u00f6rs\u00f6rjningsberedskapens och den milit\u00e4ra r\u00f6rlighetens behov p\u00e5 det europeiska TEN-T-n\u00e4tet.   <\/p>\n<p>Egentliga Finlands centrala m\u00e5l i uppdateringen av Trafik 12-planen var att lyfta fram Helsingfors\u2013\u00c5bo\u2013Stockholm-korridoren bland de f\u00f6rbindelser som ska utredas f\u00f6r att st\u00e4rka Finlands internationella anknytningar. Detta m\u00e5l uppn\u00e5ddes. I den tidigare planen hade endast sp\u00e5rvidds\u00e4ndringen i norra Finland, Kvarkenf\u00f6rbindelsen samt Helsingfors\u2013Tallinn-f\u00f6rbindelsen identifierats som motsvarande f\u00f6rbindelser.  <\/p>\n<p>Trafikkorridoren har betydelse n\u00e4r Finland efterstr\u00e4var fullst\u00e4ndig EU-finansiering f\u00f6r trafikprojekt. Enligt Europeiska kommissionens f\u00f6rslag kan EU-st\u00f6det f\u00f6r trafikprojekt under perioden 2028\u20132034 stiga till upp till 50 procent. <\/p>\n<p>Regiondirekt\u00f6ren lyfte \u00e4ven fram att statens finansieringsprogram saknar statligt upphandlad n\u00e4rt\u00e5gstrafik fr\u00e5n \u00e5r 2031 och fram\u00e5t, eftersom finansieringen beslutas f\u00f6rst efter upphandlingen under n\u00e4sta regeringsperiod. Trafik 12-planen konkretiseras av Trafikledsverkets investeringsprogram som f\u00e4rdigst\u00e4lls under b\u00f6rjan av \u00e5ret. <\/p>\n[divider line_type=&#8221;Full Width Line&#8221; line_thickness=&#8221;1&#8243; divider_color=&#8221;default&#8221;]\n<h2 class=\"wp-block-heading\">Beslut om utlysning av tj\u00e4nsten som regionutvecklingsdirekt\u00f6r<\/h2>\n<p>Landskapsstyrelsen beslutade att inleda ans\u00f6kningsprocessen f\u00f6r tj\u00e4nsten som regionutvecklingsdirekt\u00f6r vid Egentliga Finlands f\u00f6rbund. Tj\u00e4nsten kommer att utlysas senare under v\u00e5ren. Nuvarande regionutvecklingsdirekt\u00f6r Tarja Nuotio g\u00e5r i pension p\u00e5 h\u00f6sten.  <\/p>\n[divider line_type=&#8221;Full Width Line&#8221; line_thickness=&#8221;1&#8243; divider_color=&#8221;default&#8221;]\n<h2 class=\"wp-block-heading\">Beredningen av turistskatt kr\u00e4ver omd\u00f6me och kommunernas olika utg\u00e5ngspunkter b\u00f6r beaktas<\/h2>\n<p>Regionstyrelsen antecknade f\u00f6r k\u00e4nnedom det expertutl\u00e5tande som Egentliga Finlands f\u00f6rbunds verk l\u00e4mnat till finansministeriet om genomf\u00f6randet av en regional turistskatt. Utl\u00e5tandet hade av tidssk\u00e4l l\u00e4mnats till ministeriet f\u00f6re m\u00f6tet. <\/p>\n<p>I utl\u00e5tandet konstateras att ett eventuellt inf\u00f6rande av regional turistskatt kr\u00e4ver grundlig konsekvensbed\u00f6mning samt omd\u00f6me vid skatteomr\u00e5dets regionala till\u00e4mpning. Egentliga Finlands f\u00f6rbund f\u00f6rh\u00e5ller sig f\u00f6rsiktigt till inf\u00f6randet av skatten och betonar att kommunernas olika utg\u00e5ngspunkter och turismens strukturer m\u00e5ste beaktas. <\/p>\n<p>Enligt utl\u00e5tandet skulle turistskatten, om den genomf\u00f6rs p\u00e5 r\u00e4tt s\u00e4tt, kunna ge kommunerna till\u00e4ggsresurser till exempel f\u00f6r utveckling av turisminfrastruktur och h\u00e5llbar turism, men samtidigt m\u00e5ste man se till att skatten inte medf\u00f6r en orimlig administrativ b\u00f6rda f\u00f6r f\u00f6retagen eller skadar turismens konkurrenskraft. I ett eventuellt f\u00f6rs\u00f6k b\u00f6r skatten vara m\u00e5ttlig, frivillig f\u00f6r kommunerna och tydligt riktad, och skatteint\u00e4kterna b\u00f6r styras till kommunerna. <\/p>\n[divider line_type=&#8221;Full Width Line&#8221; line_thickness=&#8221;1&#8243; divider_color=&#8221;default&#8221;]\n<h2 class=\"wp-block-heading\">Kulturn\u00e4mnden uts\u00e5gs f\u00f6r ny mandatperiod 2026\u20132030<\/h2>\n<p>Regionstyrelsen uts\u00e5g ledam\u00f6terna och ordf\u00f6randen i Egentliga Finlands f\u00f6rbunds kulturn\u00e4mnd f\u00f6r ny mandatperiod.<\/p>\n<p>Kulturn\u00e4mnden fungerar som f\u00f6rbundets expertorgan och st\u00f6der genomf\u00f6randet av landskapets kulturpolitiska m\u00e5l som en del av regionalutvecklingen. Till dess uppgifter h\u00f6r: <\/p>\n<ul>\n<li>att fr\u00e4mja verksamhetsf\u00f6ruts\u00e4ttningarna f\u00f6r kultur och kreativa branscher,<\/li>\n<li>att f\u00f6lja utvecklingen inom kultursektorn,<\/li>\n<li>att f\u00f6ra in kulturperspektivet i beredningen av landskapsstrategin och programarbetet,<\/li>\n<li>samt att fr\u00e4mja samarbetet mellan olika kulturakt\u00f6rer.<\/li>\n<\/ul>\n<h3 class=\"wp-block-heading\">Kulturn\u00e4mndens ledam\u00f6ter:<\/h3>\n<p><strong>Eero Lehtinen<\/strong>, styrelseledamot, hembygdsf\u00f6reningsrepresentant, Turkuseura&nbsp; &nbsp;<br \/><strong>Merja M\u00e4nnikk\u00f6<\/strong>, specialsakkunnig, Egentliga Finlands v\u00e4lf\u00e4rdsomr\u00e5de&nbsp;<br \/><strong>Laura Boxberg<\/strong>, kontaktchef, WAM \u00c5bo stads konstmuseum&nbsp;<br \/><strong>Eero Linjama<\/strong>, utbildnings- och forskningschef, l\u00e4roanstaltsrepresentant, \u00c5bo yrkesh\u00f6gskola&nbsp;<br \/><strong>Sanna Lillbro\u00e4nda-Annala<\/strong>, docent, l\u00e4roanstaltsrepresentant, \u00c5bo Akademi&nbsp;<br \/><strong>Tytti Suominen<\/strong>, universitetsl\u00e4rare, l\u00e4roanstaltsrepresentant, \u00c5bo universitet&nbsp;<br \/><strong>Joonas \u00c4k\u00e4slompolo<\/strong>, projektchef, Visit Turku Archipelago&nbsp;<br \/><strong>Henri Terho<\/strong>, chef f\u00f6r konstst\u00f6d, Konst- och kulturverket&nbsp;&nbsp;<br \/><strong>Timo Parkkola<\/strong>, innovationschef, l\u00e4roanstaltsrepresentant, Humanistiska yrkesh\u00f6gskolan&nbsp;<br \/><strong>Petra Julin<\/strong>, bibliotekschef, kommunrepresentant, Somero stad&nbsp;<br \/><strong>Monika Antikainen<\/strong>, museichef, kommunrepresentant, Loimaa stad&nbsp;<br \/><strong>Anne Sj\u00f6str\u00f6m<\/strong>, museichef, kommunrepresentant, v\u00e4stra \u00c5boregionen&nbsp;&nbsp;<br \/><strong>Roope Lipasti<\/strong>, f\u00f6rfattare, konstn\u00e4rsledamot&nbsp;<br \/><strong>Lotta Mujo<\/strong>, kulturtj\u00e4nstchef, \u00c5bo stad&nbsp;<br \/><strong>Jussi Kauranen<\/strong>, rektor, kommunrepresentant, Laitila stad&nbsp;<br \/><strong>Fia Isaksson<\/strong>, kulturdirekt\u00f6r, kommunrepresentant, \u00c5boland&nbsp;&nbsp;<\/p>\n<p>Till ordf\u00f6rande valdes <strong>Anne Sj\u00f6str\u00f6m<\/strong>.<\/p>\n[divider line_type=&#8221;Full Width Line&#8221; line_thickness=&#8221;1&#8243; divider_color=&#8221;default&#8221;]\n<h2 class=\"wp-block-heading\">Havsomr\u00e5desplaneringsarbetet forts\u00e4tter med nytt MSP-EGD 2-projekt<\/h2>\n<p>Regionstyrelsen beslutade om ig\u00e5ngs\u00e4ttningen av MSP-EGD 2-projektet som anknyter till havsomr\u00e5desplanering. Projektet st\u00f6der h\u00e5llbar anv\u00e4ndning av havsomr\u00e5den och forts\u00e4tter Egentliga Finlands f\u00f6rbunds l\u00e5ngsiktiga arbete med havsomr\u00e5desplanering. <\/p>\n[\/vc_column_text][\/vc_column][\/vc_row]\n","protected":false},"excerpt":{"rendered":"<p>[vc_row][vc_column][vc_column_text] Helsingfors\u2013\u00c5bo\u2013Stockholm-korridoren lyftes fram i Trafik 12-planen I den aktuella \u00f6verblicken lyftes statsr\u00e5dets redog\u00f6relse till riksdagen den 18.12.2025 om den riksomfattande trafiksystemplanen (Trafik 12) f\u00f6r \u00e5ren 2026\u20132037 fram. Med denna&#8230;<\/p>\n","protected":false},"author":0,"featured_media":28108,"comment_status":"closed","ping_status":"closed","sticky":false,"template":"","format":"standard","meta":{"_acf_changed":false,"footnotes":""},"categories":[2637,2686],"tags":[],"writer":[],"event_theme":[2707],"class_list":{"0":"post-28454","1":"post","2":"type-post","3":"status-publish","4":"format-standard","5":"has-post-thumbnail","7":"category-motesmeddelande","8":"category-nyhet","9":"event_theme-beslutsfattande"},"acf":[],"_links":{"self":[{"href":"https:\/\/varsinais-suomi.fi\/sv\/wp-json\/wp\/v2\/posts\/28454","targetHints":{"allow":["GET"]}}],"collection":[{"href":"https:\/\/varsinais-suomi.fi\/sv\/wp-json\/wp\/v2\/posts"}],"about":[{"href":"https:\/\/varsinais-suomi.fi\/sv\/wp-json\/wp\/v2\/types\/post"}],"replies":[{"embeddable":true,"href":"https:\/\/varsinais-suomi.fi\/sv\/wp-json\/wp\/v2\/comments?post=28454"}],"version-history":[{"count":1,"href":"https:\/\/varsinais-suomi.fi\/sv\/wp-json\/wp\/v2\/posts\/28454\/revisions"}],"predecessor-version":[{"id":28658,"href":"https:\/\/varsinais-suomi.fi\/sv\/wp-json\/wp\/v2\/posts\/28454\/revisions\/28658"}],"wp:featuredmedia":[{"embeddable":true,"href":"https:\/\/varsinais-suomi.fi\/sv\/wp-json\/wp\/v2\/media\/28108"}],"wp:attachment":[{"href":"https:\/\/varsinais-suomi.fi\/sv\/wp-json\/wp\/v2\/media?parent=28454"}],"wp:term":[{"taxonomy":"category","embeddable":true,"href":"https:\/\/varsinais-suomi.fi\/sv\/wp-json\/wp\/v2\/categories?post=28454"},{"taxonomy":"post_tag","embeddable":true,"href":"https:\/\/varsinais-suomi.fi\/sv\/wp-json\/wp\/v2\/tags?post=28454"},{"taxonomy":"writer","embeddable":true,"href":"https:\/\/varsinais-suomi.fi\/sv\/wp-json\/wp\/v2\/writer?post=28454"},{"taxonomy":"event_theme","embeddable":true,"href":"https:\/\/varsinais-suomi.fi\/sv\/wp-json\/wp\/v2\/event_theme?post=28454"}],"curies":[{"name":"wp","href":"https:\/\/api.w.org\/{rel}","templated":true}]}}