{"id":28436,"date":"2025-12-08T12:58:41","date_gmt":"2025-12-08T10:58:41","guid":{"rendered":"https:\/\/varsinais-suomi.kajahdusdev.fi\/landskapsfullmaktige-i-dag\/"},"modified":"2025-12-08T12:58:41","modified_gmt":"2025-12-08T10:58:41","slug":"landskapsfullmaktige-i-dag","status":"publish","type":"post","link":"https:\/\/varsinais-suomi.fi\/sv\/landskapsfullmaktige-i-dag\/","title":{"rendered":"Landskapsfullm\u00e4ktige i dag"},"content":{"rendered":"[vc_row][vc_column][vc_column_text]\n<p>Landskapsfullm\u00e4ktige i Egentliga Finland sammantr\u00e4dde m\u00e5ndagen den 8 december 2025. De centrala fr\u00e5gorna under m\u00f6tet var statsminister Petteri Orpos anf\u00f6rande, godk\u00e4nnandet av Egentliga Finlands strategi 2040+, Egentliga Finlands f\u00f6rbunds budget f\u00f6r 2026 samt \u00f6versikten \u201dLandskapets tillst\u00e5nd\u201d.<\/p>\n<h2 class=\"wp-block-heading\">Statsminister Orpo: Egentliga Finland \u00e4r viktigt f\u00f6r hela Finlands framg\u00e5ng<\/h2>\n<p>Statsminister Petteri Orpo betonade i sitt anf\u00f6rande att Finlands utmaningar l\u00f6ses tillsammans och lyfte fram Egentliga Finlands betydelse f\u00f6r hela landets tillv\u00e4xt och konkurrenskraft samt regionens roll i att bygga framtidens m\u00f6jligheter \u2013 inklusive utvecklingen av tillg\u00e4ngligheten och V\u00e4stbanans betydelse. Orpo konstaterade ocks\u00e5 att \u201di Egentliga Finland har man alltid kunnat\u201d, med h\u00e4nvisning till landskapets starka kompetensbas, utbildningsstruktur och att m\u00e5nga nya initiativ har sitt ursprung i regionen.<\/p>\n<h2 class=\"wp-block-heading\">Egentliga Finlands strategi 2040+ godk\u00e4nd<\/h2>\n<p>Landskapsfullm\u00e4ktige godk\u00e4nde Egentliga Finlands strategi 2040+, som anger en gemensam riktning f\u00f6r landskapets utveckling och samlar landskapsplanen, landskapsprogrammet 2026\u20132029 samt strategin f\u00f6r smart specialisering 2026\u20132029 till en helhet. Strategin styr s\u00e4rskilt myndigheternas verksamhet och inriktningen av utvecklingsfinansieringen i enlighet med gemensamma m\u00e5l.<\/p>\n<p>Strategins vision \u00e4r att Egentliga Finland \u00e4r en brobyggare som f\u00f6rankrar Finland i v\u00e4st. Visionen betonar f\u00f6rbindelser mellan m\u00e4nniskor, arbetss\u00e4tt, aff\u00e4rsverksamhet och innovationer samt \u00e4ven fysiska f\u00f6rbindelser som m\u00f6jligg\u00f6r m\u00f6ten och smidiga transporter. M\u00e5let \u00e4r att st\u00e4rka kopplingen mellan Finland och Sveriges huvudst\u00e4der och \u00f6ka forsknings-, utvecklings- och innovationspotentialen i den framv\u00e4xande storregionen.<\/p>\n<p>Strategin har tre k\u00e4rnm\u00e5l fram till 2040: ett h\u00e5llbart livskraftigt Egentliga Finland, ett unikt attraktivt Egentliga Finland samt Egentliga Finland f\u00f6r dig. I landskapsprogrammet 2026\u20132029 fastst\u00e4lls 22 samarbetsm\u00e5l och \u00e5tg\u00e4rder f\u00f6r att genomf\u00f6ra strategin i praktiken.<\/p>\n<p>I strategin f\u00f6r smart specialisering 2026\u20132029 \u00e4r Egentliga Finlands innovationsprioriteringar maritima l\u00f6sningar, avancerade h\u00e4lsol\u00f6sningar, livsmedelsinnovationer och livsmedelstrygghet, smarta l\u00f6sningar samt en h\u00e5llbar omst\u00e4llning av ekonomin.<\/p>\n<p>Strategin bereddes i ett brett samarbete fr\u00e5n h\u00f6sten 2024. Utkastet var framlagt 28.8\u201320.10.2025 och cirka 60 utl\u00e5tanden och kommentarer inkom. Utifr\u00e5n responsen kompletterades strategin bland annat g\u00e4llande sm\u00e5 och medelstora f\u00f6retags roll, betydelsen av forskningsekosystem, st\u00f6d f\u00f6r syssels\u00e4ttning, Sk\u00e4rg\u00e5rdshavets och landsbygdsomr\u00e5dens betydelse, kulturmilj\u00f6n samt klimatfr\u00e5gor.<\/p>\n<p>Salla Maria Lauttam\u00e4ki, utvecklingschef, tfn. 040 520 0761<\/p>\n<h2 class=\"wp-block-heading\">Landskapsfullm\u00e4ktige godk\u00e4nde budgeten f\u00f6r 2026 och ekonomiplanen f\u00f6r 2026\u20132028<\/h2>\n<p>Landskapsfullm\u00e4ktige godk\u00e4nde Egentliga Finlands f\u00f6rbunds budget f\u00f6r 2026 och ekonomiplanen f\u00f6r 2026\u20132028. Fullm\u00e4ktige har fastst\u00e4llt resultatet f\u00f6r r\u00e4kenskapsperioden 2024 till ett \u00f6verskott p\u00e5 185 960 euro och det ber\u00e4knade underskottet f\u00f6r 2025 till 127 462 euro, vilket planeras t\u00e4ckas med tidigare \u00e5rs \u00f6verskott. Med nuvarande verksamhetsint\u00e4kter bed\u00f6ms 2026 ge ett underskott p\u00e5 100 633 euro, som t\u00e4cks med tidigare \u00e5rs \u00f6verskott.<\/p>\n<p>F\u00f6rbundets verksamhetsint\u00e4kter best\u00e5r huvudsakligen av medlemskommunernas avgiftsandelar, och inga h\u00f6jningar f\u00f6resl\u00e5s. Inom utsatt tid l\u00e4mnade 13 kommuner f\u00f6rslag inom ramen f\u00f6r m\u00f6jligheten att ge initiativ f\u00f6r utveckling av samkommunens verksamhet.<\/p>\n<p>Lis\u00e4tietoja: hallintojohtaja Petra M\u00e4\u00e4tt\u00e4nen, p. 041 502 5246<\/p>\n<h2 class=\"wp-block-heading\">Landskapets tillst\u00e5nd: b\u00e5de antalet sysselsatta och antalet arbetsl\u00f6sa \u00f6kar<\/h2>\n<p>I \u00f6versikten \u201dLandskapets tillst\u00e5nd\u201d behandlas den aktuella utvecklingen i Egentliga Finland n\u00e4r det g\u00e4ller syssels\u00e4ttning, befolkningsutveckling, FoU utgifter samt milj\u00f6ns tillst\u00e5nd. Fram\u00f6ver blir uppf\u00f6ljningen av milj\u00f6ns tillst\u00e5nd en permanent del av \u00f6versikten ut\u00f6ver befolknings- och syssels\u00e4ttningsanalyserna.<\/p>\n<p>Syssels\u00e4ttningsgraden i Egentliga Finland var 73,1 procent under \u00e5rets tredje kvartal, vilket \u00e4r 0,6 procentenheter h\u00f6gre \u00e4n \u00e5ret innan. Samtidigt \u00f6kade \u00e4ven antalet arbetsl\u00f6sa arbetss\u00f6kande: arbetsl\u00f6shetsgraden var 11,0 procent i oktober, n\u00e4stan en procentenhet h\u00f6gre \u00e4n \u00e5ret innan.<\/p>\n<p>\u201d\u00c5 ena sidan \u00f6kar antalet personer i arbetsf\u00f6r \u00e5lder det absoluta antalet sysselsatta. \u00c5 andra sidan har allt fler som tidigare st\u00e5tt utanf\u00f6r arbetskraften registrerat sig som arbetsl\u00f6sa arbetss\u00f6kande\u201d, s\u00e4ger informationsservicechef Antti Vasanen vid Egentliga Finlands f\u00f6rbund. \u00d6versikten finns p\u00e5 adressen <\/p>\n<p><a href=\"https:\/\/www.lounaistieto.fi\/wp-content\/uploads\/2025\/12\/maakunnan-tila-syksy-2025.pdf\" target=\"_blank\" rel=\"noopener\">https:\/\/www.lounaistieto.fi\/wp-content\/uploads\/2025\/12\/maakunnan-tila-syksy-2025.pdf<\/a><\/p>\n<p>Lis\u00e4tietoja: tietopalvelup\u00e4\u00e4llikk\u00f6 Antti Vasanen, p. 050 410 2294<\/p>\n<p>&#8212;<\/p>\n<p>Sannfinl\u00e4ndarnas fullm\u00e4ktigegrupp l\u00e4mnade vid m\u00f6tet in ett initiativ om att bevara den tillg\u00e4ngliga f\u00e4rdv\u00e4gen och sp\u00e5ngen i Kurjenrahka nationalpark.<\/p>\n[\/vc_column_text][\/vc_column][\/vc_row]\n","protected":false},"excerpt":{"rendered":"<p>[vc_row][vc_column][vc_column_text] Landskapsfullm\u00e4ktige i Egentliga Finland sammantr\u00e4dde m\u00e5ndagen den 8 december 2025. De centrala fr\u00e5gorna under m\u00f6tet var statsminister Petteri Orpos anf\u00f6rande, godk\u00e4nnandet av Egentliga Finlands strategi 2040+, Egentliga Finlands f\u00f6rbunds&#8230;<\/p>\n","protected":false},"author":0,"featured_media":28132,"comment_status":"closed","ping_status":"closed","sticky":false,"template":"","format":"standard","meta":{"_acf_changed":false,"footnotes":""},"categories":[2226],"tags":[],"writer":[],"event_theme":[2064],"class_list":{"0":"post-28436","1":"post","2":"type-post","3":"status-publish","4":"format-standard","5":"has-post-thumbnail","7":"category-uutinen","8":"event_theme-beslutsfattande"},"acf":[],"_links":{"self":[{"href":"https:\/\/varsinais-suomi.fi\/sv\/wp-json\/wp\/v2\/posts\/28436","targetHints":{"allow":["GET"]}}],"collection":[{"href":"https:\/\/varsinais-suomi.fi\/sv\/wp-json\/wp\/v2\/posts"}],"about":[{"href":"https:\/\/varsinais-suomi.fi\/sv\/wp-json\/wp\/v2\/types\/post"}],"replies":[{"embeddable":true,"href":"https:\/\/varsinais-suomi.fi\/sv\/wp-json\/wp\/v2\/comments?post=28436"}],"version-history":[{"count":0,"href":"https:\/\/varsinais-suomi.fi\/sv\/wp-json\/wp\/v2\/posts\/28436\/revisions"}],"wp:featuredmedia":[{"embeddable":true,"href":"https:\/\/varsinais-suomi.fi\/sv\/wp-json\/wp\/v2\/media\/28132"}],"wp:attachment":[{"href":"https:\/\/varsinais-suomi.fi\/sv\/wp-json\/wp\/v2\/media?parent=28436"}],"wp:term":[{"taxonomy":"category","embeddable":true,"href":"https:\/\/varsinais-suomi.fi\/sv\/wp-json\/wp\/v2\/categories?post=28436"},{"taxonomy":"post_tag","embeddable":true,"href":"https:\/\/varsinais-suomi.fi\/sv\/wp-json\/wp\/v2\/tags?post=28436"},{"taxonomy":"writer","embeddable":true,"href":"https:\/\/varsinais-suomi.fi\/sv\/wp-json\/wp\/v2\/writer?post=28436"},{"taxonomy":"event_theme","embeddable":true,"href":"https:\/\/varsinais-suomi.fi\/sv\/wp-json\/wp\/v2\/event_theme?post=28436"}],"curies":[{"name":"wp","href":"https:\/\/api.w.org\/{rel}","templated":true}]}}